{"id":264,"date":"2015-08-07T12:16:51","date_gmt":"2015-08-07T10:16:51","guid":{"rendered":"http:\/\/www.kainos.no\/?p=264"},"modified":"2021-04-01T00:13:56","modified_gmt":"2021-03-31T22:13:56","slug":"samvaer-pa-nett-sabbaten-den-8-august","status":"publish","type":"post","link":"https:\/\/www.kainos.no\/?p=264","title":{"rendered":"samv\u00e6r p\u00e5 nett sabbaten den 8 august"},"content":{"rendered":"<p>Kj\u00e6re s\u00f8sken,<\/p>\n<p>Du er invitert til \u00e5ndelig felleskap p\u00e5 Sabbaten 08.08.2015 kl. 13.30. Vi starter med Sabbatskolen som blir ledet av Elin med emnet: &laquo;Tanker fra Getsemane&raquo;.  Dermed vil Jan Naumann holde tale for oss om &laquo;Helliggj\u00f8relse&raquo; kl. 15.00. <\/p>\n<p>For deg som ikke har v\u00e6rt med p\u00e5 det f\u00f8r, s\u00e5 blir kun navnet du logger deg inn med synlig for andre.<br \/>\nDu logger deg inn med ditt eget navn eller anonymt p\u00e5: <\/p>\n<p>http:\/\/www.webmeetinglogin.com\/go\/studycenter\/group<\/p>\n<p>&laquo;Den som er fylt med Guds n\u00e5de og kj\u00e6rlighet til medmennesker, vil finne muligheter til \u00e5 tale et ord i rette tid til den som beh\u00f8ver det, hvor han enn befinner seg. I en travel verden skal de kristne v\u00e6re rettskafne i all sin ferd og ydmykt arbeide for sin mester. Vi lever i verdens siste tid, en tid full av synd og fordervelse. I likhet med Noah m\u00e5 vi leve slik at vi blir til glede for Gud, &laquo;han som kalte dere fra m\u00f8rket til sitt underfulle lys&raquo; (1 Pet 2,9). I den b\u00f8nnen Kristus bad like f\u00f8r korsfesteisen, sa han: &laquo;deg ber ikke om at du skal ta dem ut av verden, men at du skal bevare dem fra det onde&raquo; (Joh 17,15).&raquo; &#8211;<br \/>\nP\u00e5 fast grunn 1 kapittel 14. Fra side 85.<\/p>\n<p>Gud v\u00e6re med deg!<\/p>\n","protected":false},"excerpt":{"rendered":"<p>Kj\u00e6re s\u00f8sken, Du er invitert til \u00e5ndelig felleskap p\u00e5 Sabbaten 08.08.2015 kl. 13.30. Vi starter med Sabbatskolen som blir ledet av Elin med emnet: &laquo;Tanker fra Getsemane&raquo;. Dermed vil Jan Naumann holde tale for oss om &laquo;Helliggj\u00f8relse&raquo; kl. 15.00. For &hellip; <a href=\"https:\/\/www.kainos.no\/?p=264\">Les videre <span class=\"meta-nav\">&rarr;<\/span><\/a><\/p>\n","protected":false},"author":2,"featured_media":0,"comment_status":"closed","ping_status":"open","sticky":false,"template":"","format":"standard","meta":{"footnotes":""},"categories":[6],"tags":[],"class_list":["post-264","post","type-post","status-publish","format-standard","hentry","category-moter-og-samlinger"],"_links":{"self":[{"href":"https:\/\/www.kainos.no\/index.php?rest_route=\/wp\/v2\/posts\/264","targetHints":{"allow":["GET"]}}],"collection":[{"href":"https:\/\/www.kainos.no\/index.php?rest_route=\/wp\/v2\/posts"}],"about":[{"href":"https:\/\/www.kainos.no\/index.php?rest_route=\/wp\/v2\/types\/post"}],"author":[{"embeddable":true,"href":"https:\/\/www.kainos.no\/index.php?rest_route=\/wp\/v2\/users\/2"}],"replies":[{"embeddable":true,"href":"https:\/\/www.kainos.no\/index.php?rest_route=%2Fwp%2Fv2%2Fcomments&post=264"}],"version-history":[{"count":1,"href":"https:\/\/www.kainos.no\/index.php?rest_route=\/wp\/v2\/posts\/264\/revisions"}],"predecessor-version":[{"id":267,"href":"https:\/\/www.kainos.no\/index.php?rest_route=\/wp\/v2\/posts\/264\/revisions\/267"}],"wp:attachment":[{"href":"https:\/\/www.kainos.no\/index.php?rest_route=%2Fwp%2Fv2%2Fmedia&parent=264"}],"wp:term":[{"taxonomy":"category","embeddable":true,"href":"https:\/\/www.kainos.no\/index.php?rest_route=%2Fwp%2Fv2%2Fcategories&post=264"},{"taxonomy":"post_tag","embeddable":true,"href":"https:\/\/www.kainos.no\/index.php?rest_route=%2Fwp%2Fv2%2Ftags&post=264"}],"curies":[{"name":"wp","href":"https:\/\/api.w.org\/{rel}","templated":true}]}}